{"id":1284,"date":"2026-03-04T09:40:14","date_gmt":"2026-03-04T09:40:14","guid":{"rendered":"https:\/\/conoce.vinotecamendibil.com\/?p=1284"},"modified":"2026-03-04T09:40:14","modified_gmt":"2026-03-04T09:40:14","slug":"vinotecamendibil-com-blog-remelluri-telmo-rodriguez","status":"publish","type":"post","link":"https:\/\/conoce.vinotecamendibil.com\/eu\/blog\/vinotecamendibil-com-blog-remelluri-telmo-rodriguez\/","title":{"rendered":"(Espa\u00f1ol) Gu\u00eda de Remelluri: historia, paisaje y los vinos de Telmo Rodr\u00edguez"},"content":{"rendered":"<p class=\"qtranxs-available-languages-message qtranxs-available-languages-message-eu\">Sentitzen dugu, baina sarrera hau %LANG-z:, : eta % bakarrik dago.<\/p>","protected":false},"excerpt":{"rendered":"<p class=\"qtranxs-available-languages-message qtranxs-available-languages-message-eu\">Sentitzen dugu, baina sarrera hau %LANG-z:, : eta % bakarrik dago.<\/p>\n","protected":false},"author":3,"featured_media":1287,"comment_status":"open","ping_status":"open","sticky":false,"template":"","format":"standard","meta":{"_acf_changed":false,"footnotes":""},"categories":[1,97,114,93,155,6,7,37,39,75,115,4,156],"tags":[192,190,185,42,186,187,188,191,193,189],"class_list":["post-1284","post","type-post","status-publish","format-standard","has-post-thumbnail","hentry","category-blog","category-cultura-del-vino","category-enologia-y-crianza","category-enologia-y-viticultura","category-enologos-destacados","category-enoturismo","category-gastronomia","category-rioja","category-tempranillo","category-terroir","category-tradicion-vinicola","category-vinos","category-vinos-espanoles","tag-bodegas-historicas","tag-labastida","tag-remelluri","tag-rioja","tag-rioja-alavesa","tag-telmo-rodriguez","tag-vinos-de-finca","tag-vinos-de-rioja","tag-vinos-de-terroir","tag-viticultura-ecologica"],"acf":[],"_links":{"self":[{"href":"https:\/\/conoce.vinotecamendibil.com\/eu\/wp-json\/wp\/v2\/posts\/1284","targetHints":{"allow":["GET"]}}],"collection":[{"href":"https:\/\/conoce.vinotecamendibil.com\/eu\/wp-json\/wp\/v2\/posts"}],"about":[{"href":"https:\/\/conoce.vinotecamendibil.com\/eu\/wp-json\/wp\/v2\/types\/post"}],"author":[{"embeddable":true,"href":"https:\/\/conoce.vinotecamendibil.com\/eu\/wp-json\/wp\/v2\/users\/3"}],"replies":[{"embeddable":true,"href":"https:\/\/conoce.vinotecamendibil.com\/eu\/wp-json\/wp\/v2\/comments?post=1284"}],"version-history":[{"count":112,"href":"https:\/\/conoce.vinotecamendibil.com\/eu\/wp-json\/wp\/v2\/posts\/1284\/revisions"}],"predecessor-version":[{"id":1409,"href":"https:\/\/conoce.vinotecamendibil.com\/eu\/wp-json\/wp\/v2\/posts\/1284\/revisions\/1409"}],"wp:featuredmedia":[{"embeddable":true,"href":"https:\/\/conoce.vinotecamendibil.com\/eu\/wp-json\/wp\/v2\/media\/1287"}],"wp:attachment":[{"href":"https:\/\/conoce.vinotecamendibil.com\/eu\/wp-json\/wp\/v2\/media?parent=1284"}],"wp:term":[{"taxonomy":"category","embeddable":true,"href":"https:\/\/conoce.vinotecamendibil.com\/eu\/wp-json\/wp\/v2\/categories?post=1284"},{"taxonomy":"post_tag","embeddable":true,"href":"https:\/\/conoce.vinotecamendibil.com\/eu\/wp-json\/wp\/v2\/tags?post=1284"}],"curies":[{"name":"wp","href":"https:\/\/api.w.org\/{rel}","templated":true}]}}